{"id":2049,"date":"2025-06-13T01:22:46","date_gmt":"2025-06-12T23:22:46","guid":{"rendered":"https:\/\/golfmagazine.cz\/?p=2049"},"modified":"2025-06-13T01:30:32","modified_gmt":"2025-06-12T23:30:32","slug":"golfova-sezona-zacina-exkluzivni-golfovy-balicek-v-carlsbad-plaza","status":"publish","type":"post","link":"https:\/\/golfmagazine.cz\/index.php\/2025\/06\/13\/golfova-sezona-zacina-exkluzivni-golfovy-balicek-v-carlsbad-plaza\/","title":{"rendered":"Golfov\u00e1 sez\u00f3na za\u010d\u00edn\u00e1: Exkluzivn\u00ed golfov\u00fd bal\u00ed\u010dek v Carlsbad Plaza"},"content":{"rendered":"\n<div style=\"height:40px\" aria-hidden=\"true\" class=\"wp-block-spacer\"><\/div>\n\n\n\n<p class=\"has-medium-font-size\"><strong>V Karlov\u00fdch Varech se otev\u00edr\u00e1 golfov\u00e1 sez\u00f3na v pln\u00e9 kr\u00e1se. Pr\u00e1v\u011b nyn\u00ed je ide\u00e1ln\u00ed \u010das vyrazit na green a nechat se okouzlit kr\u00e1sou p\u0159\u00edrody, eleganc\u00ed hry a pohodovou atmosf\u00e9rou.&nbsp;Upraven\u00e9 greeny, majest\u00e1tn\u00ed stromy a pohodov\u00e1 atmosf\u00e9ra dotv\u00e1\u0159ej\u00ed ide\u00e1ln\u00ed prost\u0159ed\u00ed pro v\u0161echny, kdo hledaj\u00ed kombinaci sportu a odpo\u010dinku.<\/strong><\/p>\n\n\n\n<div style=\"height:40px\" aria-hidden=\"true\" class=\"wp-block-spacer\"><\/div>\n\n\n<div class=\"wp-block-image\">\n<figure class=\"aligncenter size-full is-resized\"><img decoding=\"async\" loading=\"lazy\" src=\"https:\/\/golfmagazine.cz\/wp-content\/uploads\/2025\/06\/1747724849_image.png\" alt=\"Golfov\u00e1 sez\u00f3na za\u010d\u00edn\u00e1: Exkluzivn\u00ed golfov\u00fd bal\u00ed\u010dek v Carlsbad Plaza\" class=\"wp-image-2050\" style=\"width:789px;height:478px\" width=\"789\" height=\"478\" srcset=\"https:\/\/golfmagazine.cz\/wp-content\/uploads\/2025\/06\/1747724849_image.png 700w, https:\/\/golfmagazine.cz\/wp-content\/uploads\/2025\/06\/1747724849_image-300x182.png 300w\" sizes=\"(max-width: 789px) 100vw, 789px\" \/><\/figure><\/div>\n\n\n<div style=\"height:40px\" aria-hidden=\"true\" class=\"wp-block-spacer\"><\/div>\n\n\n\n<p class=\"has-medium-font-size\" id=\"selected_item_id\">Pro v\u0161echny milovn\u00edky golfu jsme p\u0159ipravili speci\u00e1ln\u00ed bal\u00ed\u010dek, kter\u00fd kombinuje aktivn\u00ed pohyb a radost ze hry s dokonal\u00fdm pohodl\u00edm a relaxac\u00ed!<br><br>V Carlsbad Plaza, va\u0161e golfov\u00e1 dovolen\u00e1 za\u010d\u00edn\u00e1 luxusn\u00edm ubytov\u00e1n\u00edm ve vybran\u00e9 kategorii pokoje a sn\u00eddan\u00ed formou bohat\u00e9ho bufetu. B\u011bhem pobytu si ka\u017ed\u00fd u\u017eije green fee, p\u0159i\u010dem\u017e si m\u016f\u017ee vybrat ze t\u0159\u00ed vybran\u00fdch presti\u017en\u00edch golfov\u00fdch resort\u016f, p\u0159ilehl\u00fdch hotelu Carlsbad Plaza.<br><br>Na\u0161e concierge t\u00fdm se postar\u00e1 o rezervaci Tee Time, abyste si mohli naplno vychutnat hru. A po dni pln\u00e9m golfu v\u00e1s \u010dek\u00e1 neomezen\u00fd vstup do jedine\u010dn\u00e9ho wellnesslandu Alt Karlsbad a tak\u00e9 p\u0159\u00edjemn\u00e1 mas\u00e1\u017e pro dokonalou regeneraci t\u011bla a mysli.<br><br>Dorazte do 5* Superior hotelu Carlsbad Plaza a u\u017eijte si golfov\u00fd z\u00e1\u017eitek naplno \u2013 spojte sport, relaxaci i luxus v jednom nezapomenuteln\u00e9m pobytu.<\/p>\n\n\n\n<figure class=\"wp-block-table\"><table><tbody><tr><td><a href=\"https:\/\/www.zoomletter.com\/klienti\/czech-carlsbad-plaza\/nwl3_zoomtrack.php?h=2daa495d9b06a3a799a59d158834038c&amp;id=23886&amp;p=Y2hlY2staW49MjAyNS0wNi0wMSZhbXA7Y2hlY2stb3V0PTIwMjUtMDYtMDMmYW1wO3IxX2FkdWx0cz0yJmFtcDthdXRvLWRhdGVzPTEmYW1wO2N1cnJlbmN5PUVVUg%3D%3D&amp;emlf=fe0784739aa51d18828138c6bfd63675\">Rezervovat bal\u00ed\u010dek na 2 noci<\/a><\/td><\/tr><\/tbody><\/table><\/figure>\n\n\n\n<figure class=\"wp-block-table\"><table><tbody><tr><td><a href=\"https:\/\/www.zoomletter.com\/klienti\/czech-carlsbad-plaza\/nwl3_zoomtrack.php?h=297e7cd1ee17ebd0ca49892abe9a9bbf&amp;id=23886&amp;p=Y2hlY2staW49MjAyNS0wNi0wMSZhbXA7Y2hlY2stb3V0PTIwMjUtMDYtMDQmYW1wO3IxX2FkdWx0cz0yJmFtcDthdXRvLWRhdGVzPTEmYW1wO2N1cnJlbmN5PUVVUg%3D%3D&amp;emlf=fe0784739aa51d18828138c6bfd63675\">Rezervovat bal\u00ed\u010dek na 3 noci<\/a><\/td><\/tr><\/tbody><\/table><\/figure>\n\n\n\n<div style=\"height:25px\" aria-hidden=\"true\" class=\"wp-block-spacer\"><\/div>\n\n\n\n<figure class=\"wp-block-image size-full is-resized\"><img decoding=\"async\" loading=\"lazy\" src=\"https:\/\/golfmagazine.cz\/wp-content\/uploads\/2025\/06\/1748248904_image.png\" alt=\"Golfov\u00e1 sez\u00f3na za\u010d\u00edn\u00e1: Exkluzivn\u00ed golfov\u00fd bal\u00ed\u010dek v Carlsbad Plaza\" class=\"wp-image-2051\" style=\"width:270px;height:173px\" width=\"270\" height=\"173\"\/><\/figure>\n\n\n\n<div style=\"height:25px\" aria-hidden=\"true\" class=\"wp-block-spacer\"><\/div>\n\n\n\n<p><strong>ADRESA<\/strong><\/p>\n\n\n\n<p>Carlsbad Plaza &#8211; 5*Superior<br>Medical Spa &amp; Wellness hotel<br>Karlovy Vary &#8211; \u010cesk\u00e1 republika<\/p>\n\n\n\n<p><strong>KONTAKT<\/strong><\/p>\n\n\n\n<p>Tel.: (+420) 352 441 111<br>reservation@carlsbadplaza.cz<br>www.carlsbad-plaza.cz<\/p>\n\n\n\n<hr class=\"wp-block-separator has-alpha-channel-opacity\"\/>\n\n\n\n<figure class=\"wp-block-image\"><a href=\"https:\/\/www.zoomletter.com\/klienti\/czech-carlsbad-plaza\/nwl3_zoomtrack.php?h=0ff0a3441ed566e011c62291cbc685a9&amp;id=23886&amp;p=&amp;emlf=fe0784739aa51d18828138c6bfd63675\"><img decoding=\"async\" src=\"https:\/\/www.zoomletter.com\/klienti\/___DEFAULT_FILES\/img\/socials\/facebook_2e5449.png\" alt=\"facebook\"\/><\/a><\/figure>\n\n\n\n<figure class=\"wp-block-image\"><a href=\"https:\/\/www.zoomletter.com\/klienti\/czech-carlsbad-plaza\/nwl3_zoomtrack.php?h=89bce04ce376e352389c1083c46c3809&amp;id=23886&amp;p=&amp;emlf=fe0784739aa51d18828138c6bfd63675\"><img decoding=\"async\" src=\"https:\/\/www.zoomletter.com\/klienti\/___DEFAULT_FILES\/img\/socials\/instagram_2e5449.png\" alt=\"instagram\"\/><\/a><\/figure>\n\n\n\n<div style=\"height:100px\" aria-hidden=\"true\" class=\"wp-block-spacer\"><\/div>\n","protected":false},"excerpt":{"rendered":"<p>V Karlov\u00fdch Varech se otev\u00edr\u00e1 golfov\u00e1 sez\u00f3na v pln\u00e9 kr\u00e1se. Pr\u00e1v\u011b nyn\u00ed je ide\u00e1ln\u00ed \u010das vyrazit na green a nechat se okouzlit kr\u00e1sou p\u0159\u00edrody, eleganc\u00ed hry a pohodovou atmosf\u00e9rou.&nbsp;Upraven\u00e9 greeny, majest\u00e1tn\u00ed stromy a pohodov\u00e1&#46;&#46;&#46;<\/p>\n","protected":false},"author":2,"featured_media":2050,"comment_status":"closed","ping_status":"closed","sticky":false,"template":"","format":"standard","meta":{"_monsterinsights_skip_tracking":false,"_monsterinsights_sitenote_active":false,"_monsterinsights_sitenote_note":"","_monsterinsights_sitenote_category":0,"footnotes":""},"categories":[3,16,5,17],"tags":[],"yoast_head":"<!-- This site is optimized with the Yoast SEO plugin v21.2 - https:\/\/yoast.com\/wordpress\/plugins\/seo\/ -->\n<title>Golfov\u00e1 sez\u00f3na za\u010d\u00edn\u00e1: Exkluzivn\u00ed golfov\u00fd bal\u00ed\u010dek v Carlsbad Plaza - GOLFMAGAZINE.cz<\/title>\n<meta name=\"robots\" content=\"index, follow, max-snippet:-1, max-image-preview:large, max-video-preview:-1\" \/>\n<link rel=\"canonical\" href=\"https:\/\/golfmagazine.cz\/index.php\/2025\/06\/13\/golfova-sezona-zacina-exkluzivni-golfovy-balicek-v-carlsbad-plaza\/\" \/>\n<meta property=\"og:locale\" content=\"cs_CZ\" \/>\n<meta property=\"og:type\" content=\"article\" \/>\n<meta property=\"og:title\" content=\"Golfov\u00e1 sez\u00f3na za\u010d\u00edn\u00e1: Exkluzivn\u00ed golfov\u00fd bal\u00ed\u010dek v Carlsbad Plaza - GOLFMAGAZINE.cz\" \/>\n<meta property=\"og:description\" content=\"V Karlov\u00fdch Varech se otev\u00edr\u00e1 golfov\u00e1 sez\u00f3na v pln\u00e9 kr\u00e1se. Pr\u00e1v\u011b nyn\u00ed je ide\u00e1ln\u00ed \u010das vyrazit na green a nechat se okouzlit kr\u00e1sou p\u0159\u00edrody, eleganc\u00ed hry a pohodovou atmosf\u00e9rou.&nbsp;Upraven\u00e9 greeny, majest\u00e1tn\u00ed stromy a pohodov\u00e1&#046;&#046;&#046;\" \/>\n<meta property=\"og:url\" content=\"https:\/\/golfmagazine.cz\/index.php\/2025\/06\/13\/golfova-sezona-zacina-exkluzivni-golfovy-balicek-v-carlsbad-plaza\/\" \/>\n<meta property=\"og:site_name\" content=\"GOLFMAGAZINE.cz\" \/>\n<meta property=\"article:published_time\" content=\"2025-06-12T23:22:46+00:00\" \/>\n<meta property=\"article:modified_time\" content=\"2025-06-12T23:30:32+00:00\" \/>\n<meta property=\"og:image\" content=\"https:\/\/golfmagazine.cz\/wp-content\/uploads\/2025\/06\/1747724849_image.png\" \/>\n\t<meta property=\"og:image:width\" content=\"700\" \/>\n\t<meta property=\"og:image:height\" content=\"424\" \/>\n\t<meta property=\"og:image:type\" content=\"image\/png\" \/>\n<meta name=\"author\" content=\"Van\u011bk Miroslav\" \/>\n<meta name=\"twitter:card\" content=\"summary_large_image\" \/>\n<meta name=\"twitter:label1\" content=\"Napsal(a)\" \/>\n\t<meta name=\"twitter:data1\" content=\"Van\u011bk Miroslav\" \/>\n\t<meta name=\"twitter:label2\" content=\"Odhadovan\u00e1 doba \u010dten\u00ed\" \/>\n\t<meta name=\"twitter:data2\" content=\"2 minuty\" \/>\n<script type=\"application\/ld+json\" class=\"yoast-schema-graph\">{\"@context\":\"https:\/\/schema.org\",\"@graph\":[{\"@type\":\"Article\",\"@id\":\"https:\/\/golfmagazine.cz\/index.php\/2025\/06\/13\/golfova-sezona-zacina-exkluzivni-golfovy-balicek-v-carlsbad-plaza\/#article\",\"isPartOf\":{\"@id\":\"https:\/\/golfmagazine.cz\/index.php\/2025\/06\/13\/golfova-sezona-zacina-exkluzivni-golfovy-balicek-v-carlsbad-plaza\/\"},\"author\":{\"name\":\"Van\u011bk Miroslav\",\"@id\":\"https:\/\/golfmagazine.cz\/#\/schema\/person\/3c0ce04b8609b7e2c59b8b47186c3b41\"},\"headline\":\"Golfov\u00e1 sez\u00f3na za\u010d\u00edn\u00e1: Exkluzivn\u00ed golfov\u00fd bal\u00ed\u010dek v Carlsbad Plaza\",\"datePublished\":\"2025-06-12T23:22:46+00:00\",\"dateModified\":\"2025-06-12T23:30:32+00:00\",\"mainEntityOfPage\":{\"@id\":\"https:\/\/golfmagazine.cz\/index.php\/2025\/06\/13\/golfova-sezona-zacina-exkluzivni-golfovy-balicek-v-carlsbad-plaza\/\"},\"wordCount\":263,\"publisher\":{\"@id\":\"https:\/\/golfmagazine.cz\/#organization\"},\"articleSection\":[\"Golfov\u00e1 h\u0159i\u0161t\u011b\",\"Lifestyle\",\"NEWS\",\"Tipy &amp; Trendy\"],\"inLanguage\":\"cs\"},{\"@type\":\"WebPage\",\"@id\":\"https:\/\/golfmagazine.cz\/index.php\/2025\/06\/13\/golfova-sezona-zacina-exkluzivni-golfovy-balicek-v-carlsbad-plaza\/\",\"url\":\"https:\/\/golfmagazine.cz\/index.php\/2025\/06\/13\/golfova-sezona-zacina-exkluzivni-golfovy-balicek-v-carlsbad-plaza\/\",\"name\":\"Golfov\u00e1 sez\u00f3na za\u010d\u00edn\u00e1: Exkluzivn\u00ed golfov\u00fd bal\u00ed\u010dek v Carlsbad Plaza - GOLFMAGAZINE.cz\",\"isPartOf\":{\"@id\":\"https:\/\/golfmagazine.cz\/#website\"},\"datePublished\":\"2025-06-12T23:22:46+00:00\",\"dateModified\":\"2025-06-12T23:30:32+00:00\",\"breadcrumb\":{\"@id\":\"https:\/\/golfmagazine.cz\/index.php\/2025\/06\/13\/golfova-sezona-zacina-exkluzivni-golfovy-balicek-v-carlsbad-plaza\/#breadcrumb\"},\"inLanguage\":\"cs\",\"potentialAction\":[{\"@type\":\"ReadAction\",\"target\":[\"https:\/\/golfmagazine.cz\/index.php\/2025\/06\/13\/golfova-sezona-zacina-exkluzivni-golfovy-balicek-v-carlsbad-plaza\/\"]}]},{\"@type\":\"BreadcrumbList\",\"@id\":\"https:\/\/golfmagazine.cz\/index.php\/2025\/06\/13\/golfova-sezona-zacina-exkluzivni-golfovy-balicek-v-carlsbad-plaza\/#breadcrumb\",\"itemListElement\":[{\"@type\":\"ListItem\",\"position\":1,\"name\":\"Dom\u016f\",\"item\":\"https:\/\/golfmagazine.cz\/\"},{\"@type\":\"ListItem\",\"position\":2,\"name\":\"Golfov\u00e1 sez\u00f3na za\u010d\u00edn\u00e1: Exkluzivn\u00ed golfov\u00fd bal\u00ed\u010dek v Carlsbad Plaza\"}]},{\"@type\":\"WebSite\",\"@id\":\"https:\/\/golfmagazine.cz\/#website\",\"url\":\"https:\/\/golfmagazine.cz\/\",\"name\":\"GOLFMAGAZINE.cz\",\"description\":\"Port\u00e1l pln\u00fd golfu...\",\"publisher\":{\"@id\":\"https:\/\/golfmagazine.cz\/#organization\"},\"potentialAction\":[{\"@type\":\"SearchAction\",\"target\":{\"@type\":\"EntryPoint\",\"urlTemplate\":\"https:\/\/golfmagazine.cz\/?s={search_term_string}\"},\"query-input\":\"required name=search_term_string\"}],\"inLanguage\":\"cs\"},{\"@type\":\"Organization\",\"@id\":\"https:\/\/golfmagazine.cz\/#organization\",\"name\":\"GOLFMAGAZINE.cz\",\"url\":\"https:\/\/golfmagazine.cz\/\",\"logo\":{\"@type\":\"ImageObject\",\"inLanguage\":\"cs\",\"@id\":\"https:\/\/golfmagazine.cz\/#\/schema\/logo\/image\/\",\"url\":\"https:\/\/golfmagazine.cz\/wp-content\/uploads\/2019\/04\/cropped-Logo_GOLFMAGAZINE_V4-2.png\",\"contentUrl\":\"https:\/\/golfmagazine.cz\/wp-content\/uploads\/2019\/04\/cropped-Logo_GOLFMAGAZINE_V4-2.png\",\"width\":945,\"height\":142,\"caption\":\"GOLFMAGAZINE.cz\"},\"image\":{\"@id\":\"https:\/\/golfmagazine.cz\/#\/schema\/logo\/image\/\"}},{\"@type\":\"Person\",\"@id\":\"https:\/\/golfmagazine.cz\/#\/schema\/person\/3c0ce04b8609b7e2c59b8b47186c3b41\",\"name\":\"Van\u011bk Miroslav\",\"sameAs\":[\"http:\/\/www.golfmagazine.cz\"],\"url\":\"https:\/\/golfmagazine.cz\/index.php\/author\/mirvan\/\"}]}<\/script>\n<!-- \/ Yoast SEO plugin. -->","yoast_head_json":{"title":"Golfov\u00e1 sez\u00f3na za\u010d\u00edn\u00e1: Exkluzivn\u00ed golfov\u00fd bal\u00ed\u010dek v Carlsbad Plaza - GOLFMAGAZINE.cz","robots":{"index":"index","follow":"follow","max-snippet":"max-snippet:-1","max-image-preview":"max-image-preview:large","max-video-preview":"max-video-preview:-1"},"canonical":"https:\/\/golfmagazine.cz\/index.php\/2025\/06\/13\/golfova-sezona-zacina-exkluzivni-golfovy-balicek-v-carlsbad-plaza\/","og_locale":"cs_CZ","og_type":"article","og_title":"Golfov\u00e1 sez\u00f3na za\u010d\u00edn\u00e1: Exkluzivn\u00ed golfov\u00fd bal\u00ed\u010dek v Carlsbad Plaza - GOLFMAGAZINE.cz","og_description":"V Karlov\u00fdch Varech se otev\u00edr\u00e1 golfov\u00e1 sez\u00f3na v pln\u00e9 kr\u00e1se. Pr\u00e1v\u011b nyn\u00ed je ide\u00e1ln\u00ed \u010das vyrazit na green a nechat se okouzlit kr\u00e1sou p\u0159\u00edrody, eleganc\u00ed hry a pohodovou atmosf\u00e9rou.&nbsp;Upraven\u00e9 greeny, majest\u00e1tn\u00ed stromy a pohodov\u00e1&#46;&#46;&#46;","og_url":"https:\/\/golfmagazine.cz\/index.php\/2025\/06\/13\/golfova-sezona-zacina-exkluzivni-golfovy-balicek-v-carlsbad-plaza\/","og_site_name":"GOLFMAGAZINE.cz","article_published_time":"2025-06-12T23:22:46+00:00","article_modified_time":"2025-06-12T23:30:32+00:00","og_image":[{"width":700,"height":424,"url":"https:\/\/golfmagazine.cz\/wp-content\/uploads\/2025\/06\/1747724849_image.png","type":"image\/png"}],"author":"Van\u011bk Miroslav","twitter_card":"summary_large_image","twitter_misc":{"Napsal(a)":"Van\u011bk Miroslav","Odhadovan\u00e1 doba \u010dten\u00ed":"2 minuty"},"schema":{"@context":"https:\/\/schema.org","@graph":[{"@type":"Article","@id":"https:\/\/golfmagazine.cz\/index.php\/2025\/06\/13\/golfova-sezona-zacina-exkluzivni-golfovy-balicek-v-carlsbad-plaza\/#article","isPartOf":{"@id":"https:\/\/golfmagazine.cz\/index.php\/2025\/06\/13\/golfova-sezona-zacina-exkluzivni-golfovy-balicek-v-carlsbad-plaza\/"},"author":{"name":"Van\u011bk Miroslav","@id":"https:\/\/golfmagazine.cz\/#\/schema\/person\/3c0ce04b8609b7e2c59b8b47186c3b41"},"headline":"Golfov\u00e1 sez\u00f3na za\u010d\u00edn\u00e1: Exkluzivn\u00ed golfov\u00fd bal\u00ed\u010dek v Carlsbad Plaza","datePublished":"2025-06-12T23:22:46+00:00","dateModified":"2025-06-12T23:30:32+00:00","mainEntityOfPage":{"@id":"https:\/\/golfmagazine.cz\/index.php\/2025\/06\/13\/golfova-sezona-zacina-exkluzivni-golfovy-balicek-v-carlsbad-plaza\/"},"wordCount":263,"publisher":{"@id":"https:\/\/golfmagazine.cz\/#organization"},"articleSection":["Golfov\u00e1 h\u0159i\u0161t\u011b","Lifestyle","NEWS","Tipy &amp; Trendy"],"inLanguage":"cs"},{"@type":"WebPage","@id":"https:\/\/golfmagazine.cz\/index.php\/2025\/06\/13\/golfova-sezona-zacina-exkluzivni-golfovy-balicek-v-carlsbad-plaza\/","url":"https:\/\/golfmagazine.cz\/index.php\/2025\/06\/13\/golfova-sezona-zacina-exkluzivni-golfovy-balicek-v-carlsbad-plaza\/","name":"Golfov\u00e1 sez\u00f3na za\u010d\u00edn\u00e1: Exkluzivn\u00ed golfov\u00fd bal\u00ed\u010dek v Carlsbad Plaza - GOLFMAGAZINE.cz","isPartOf":{"@id":"https:\/\/golfmagazine.cz\/#website"},"datePublished":"2025-06-12T23:22:46+00:00","dateModified":"2025-06-12T23:30:32+00:00","breadcrumb":{"@id":"https:\/\/golfmagazine.cz\/index.php\/2025\/06\/13\/golfova-sezona-zacina-exkluzivni-golfovy-balicek-v-carlsbad-plaza\/#breadcrumb"},"inLanguage":"cs","potentialAction":[{"@type":"ReadAction","target":["https:\/\/golfmagazine.cz\/index.php\/2025\/06\/13\/golfova-sezona-zacina-exkluzivni-golfovy-balicek-v-carlsbad-plaza\/"]}]},{"@type":"BreadcrumbList","@id":"https:\/\/golfmagazine.cz\/index.php\/2025\/06\/13\/golfova-sezona-zacina-exkluzivni-golfovy-balicek-v-carlsbad-plaza\/#breadcrumb","itemListElement":[{"@type":"ListItem","position":1,"name":"Dom\u016f","item":"https:\/\/golfmagazine.cz\/"},{"@type":"ListItem","position":2,"name":"Golfov\u00e1 sez\u00f3na za\u010d\u00edn\u00e1: Exkluzivn\u00ed golfov\u00fd bal\u00ed\u010dek v Carlsbad Plaza"}]},{"@type":"WebSite","@id":"https:\/\/golfmagazine.cz\/#website","url":"https:\/\/golfmagazine.cz\/","name":"GOLFMAGAZINE.cz","description":"Port\u00e1l pln\u00fd golfu...","publisher":{"@id":"https:\/\/golfmagazine.cz\/#organization"},"potentialAction":[{"@type":"SearchAction","target":{"@type":"EntryPoint","urlTemplate":"https:\/\/golfmagazine.cz\/?s={search_term_string}"},"query-input":"required name=search_term_string"}],"inLanguage":"cs"},{"@type":"Organization","@id":"https:\/\/golfmagazine.cz\/#organization","name":"GOLFMAGAZINE.cz","url":"https:\/\/golfmagazine.cz\/","logo":{"@type":"ImageObject","inLanguage":"cs","@id":"https:\/\/golfmagazine.cz\/#\/schema\/logo\/image\/","url":"https:\/\/golfmagazine.cz\/wp-content\/uploads\/2019\/04\/cropped-Logo_GOLFMAGAZINE_V4-2.png","contentUrl":"https:\/\/golfmagazine.cz\/wp-content\/uploads\/2019\/04\/cropped-Logo_GOLFMAGAZINE_V4-2.png","width":945,"height":142,"caption":"GOLFMAGAZINE.cz"},"image":{"@id":"https:\/\/golfmagazine.cz\/#\/schema\/logo\/image\/"}},{"@type":"Person","@id":"https:\/\/golfmagazine.cz\/#\/schema\/person\/3c0ce04b8609b7e2c59b8b47186c3b41","name":"Van\u011bk Miroslav","sameAs":["http:\/\/www.golfmagazine.cz"],"url":"https:\/\/golfmagazine.cz\/index.php\/author\/mirvan\/"}]}},"_links":{"self":[{"href":"https:\/\/golfmagazine.cz\/index.php\/wp-json\/wp\/v2\/posts\/2049"}],"collection":[{"href":"https:\/\/golfmagazine.cz\/index.php\/wp-json\/wp\/v2\/posts"}],"about":[{"href":"https:\/\/golfmagazine.cz\/index.php\/wp-json\/wp\/v2\/types\/post"}],"author":[{"embeddable":true,"href":"https:\/\/golfmagazine.cz\/index.php\/wp-json\/wp\/v2\/users\/2"}],"replies":[{"embeddable":true,"href":"https:\/\/golfmagazine.cz\/index.php\/wp-json\/wp\/v2\/comments?post=2049"}],"version-history":[{"count":3,"href":"https:\/\/golfmagazine.cz\/index.php\/wp-json\/wp\/v2\/posts\/2049\/revisions"}],"predecessor-version":[{"id":2054,"href":"https:\/\/golfmagazine.cz\/index.php\/wp-json\/wp\/v2\/posts\/2049\/revisions\/2054"}],"wp:featuredmedia":[{"embeddable":true,"href":"https:\/\/golfmagazine.cz\/index.php\/wp-json\/wp\/v2\/media\/2050"}],"wp:attachment":[{"href":"https:\/\/golfmagazine.cz\/index.php\/wp-json\/wp\/v2\/media?parent=2049"}],"wp:term":[{"taxonomy":"category","embeddable":true,"href":"https:\/\/golfmagazine.cz\/index.php\/wp-json\/wp\/v2\/categories?post=2049"},{"taxonomy":"post_tag","embeddable":true,"href":"https:\/\/golfmagazine.cz\/index.php\/wp-json\/wp\/v2\/tags?post=2049"}],"curies":[{"name":"wp","href":"https:\/\/api.w.org\/{rel}","templated":true}]}}